{"id":9043,"date":"2026-03-27T11:33:01","date_gmt":"2026-03-27T09:33:01","guid":{"rendered":"http:\/\/www.nuvf.de\/wordpress\/?p=9043"},"modified":"2026-04-09T07:23:48","modified_gmt":"2026-04-09T05:23:48","slug":"spendenaufruf","status":"publish","type":"post","link":"http:\/\/www.nuvf.de\/wordpress\/?p=9043","title":{"rendered":"Spendenaufruf"},"content":{"rendered":"<p>Views: 30<\/p>\n<p>Liebe Natur- und Vogelfreunde,<\/p>\n\n\n\n<p>unser Amphibienteich ist ein wertvoller Lebensraum f\u00fcr Fr\u00f6sche, Kr\u00f6ten und viele weitere heimische Tierarten. Damit diese gesch\u00fctzten Tiere ungest\u00f6rt leben und sich vermehren k\u00f6nnen, m\u00f6chten wir rund um den Teich einen Staketenzaun errichten. <\/p>\n\n\n\n<p><a href=\"https:\/\/www.gofundme.com\/f\/spendenaufruf-gemeinsam-fur-unseren-amphibienteich?attribution_id=sl:0e2c00d1-a78d-4b95-86c9-48285fe917f1&amp;lang=de_DE&amp;ts=1774563737&amp;utm_campaign=man_sharesheet_dash&amp;utm_content=amp20_control&amp;utm_medium=customer&amp;utm_source=whatsapp\" data-type=\"link\" data-id=\"https:\/\/www.gofundme.com\/f\/spendenaufruf-gemeinsam-fur-unseren-amphibienteich?attribution_id=sl:0e2c00d1-a78d-4b95-86c9-48285fe917f1&amp;lang=de_DE&amp;ts=1774563737&amp;utm_campaign=man_sharesheet_dash&amp;utm_content=amp20_control&amp;utm_medium=customer&amp;utm_source=whatsapp\" target=\"_blank\" rel=\"noreferrer noopener\">Hier geht es zum &#8222;Gofundme&#8220;<\/a><\/p>\n\n\n\n<figure class=\"wp-block-image size-large\"><a href=\"http:\/\/www.nuvf.de\/wordpress\/wp-content\/uploads\/2026\/03\/Screenshot_20260327-064029.jpg\"><img loading=\"lazy\" decoding=\"async\" width=\"586\" height=\"1024\" src=\"http:\/\/www.nuvf.de\/wordpress\/wp-content\/uploads\/2026\/03\/Screenshot_20260327-064029-586x1024.jpg\" alt=\"\" class=\"wp-image-9044\" srcset=\"http:\/\/www.nuvf.de\/wordpress\/wp-content\/uploads\/2026\/03\/Screenshot_20260327-064029-586x1024.jpg 586w, http:\/\/www.nuvf.de\/wordpress\/wp-content\/uploads\/2026\/03\/Screenshot_20260327-064029-172x300.jpg 172w, http:\/\/www.nuvf.de\/wordpress\/wp-content\/uploads\/2026\/03\/Screenshot_20260327-064029-768x1342.jpg 768w, http:\/\/www.nuvf.de\/wordpress\/wp-content\/uploads\/2026\/03\/Screenshot_20260327-064029-879x1536.jpg 879w, http:\/\/www.nuvf.de\/wordpress\/wp-content\/uploads\/2026\/03\/Screenshot_20260327-064029.jpg 1071w\" sizes=\"auto, (max-width: 586px) 100vw, 586px\" \/><\/a><\/figure>\n\n\n\n<p>Der Zaun soll helfen, den sensiblen Bereich vor St\u00f6rungen zu sch\u00fctzen und gleichzeitig die nat\u00fcrliche Umgebung zu bewahren. Leider sind unsere bisher gew\u00e4hlten Ma\u00dfnahmen durch Aufkl\u00e4rung nicht ausreichend und wurden oft missachtet.<\/p>\n\n\n\n<p>F\u00fcr die Umsetzung dieses wichtigen Projekts sind wir jedoch auf eure Unterst\u00fctzung angewiesen. Wof\u00fcr wird gespendet? &#8211; Kauf von naturbelassenen Holzpf\u00e4hlen und Latten- Befestigungsmaterial- Werkzeuge und Aufbaukosten.<\/p>\n\n\n\n<p>Jeder Beitrag \u2013 egal wie gro\u00df oder klein \u2013 bringt uns unserem Ziel ein St\u00fcck n\u00e4her und hilft aktiv beim Schutz unserer heimischen Tierwelt &#x2764;&#xfe0f;<\/p>\n\n\n\n<p><\/p>\n","protected":false},"excerpt":{"rendered":"<p>Views: 30 Liebe Natur- und Vogelfreunde, unser Amphibienteich ist ein wertvoller Lebensraum f\u00fcr Fr\u00f6sche, Kr\u00f6ten und viele weitere heimische Tierarten. Damit diese gesch\u00fctzten Tiere ungest\u00f6rt leben und sich vermehren k\u00f6nnen, m\u00f6chten wir rund um den Teich einen Staketenzaun errichten. Hier geht es zum &#8222;Gofundme&#8220; Der Zaun soll helfen, den sensiblen Bereich vor St\u00f6rungen zu sch\u00fctzen &hellip; <a href=\"http:\/\/www.nuvf.de\/wordpress\/?p=9043\" class=\"more-link\"><span class=\"screen-reader-text\">Spendenaufruf<\/span> weiterlesen <span class=\"meta-nav\">&rarr;<\/span><\/a><\/p>\n","protected":false},"author":4,"featured_media":0,"comment_status":"closed","ping_status":"open","sticky":false,"template":"","format":"standard","meta":{"footnotes":""},"categories":[1],"tags":[],"class_list":["post-9043","post","type-post","status-publish","format-standard","hentry","category-allgemeines"],"_links":{"self":[{"href":"http:\/\/www.nuvf.de\/wordpress\/index.php?rest_route=\/wp\/v2\/posts\/9043","targetHints":{"allow":["GET"]}}],"collection":[{"href":"http:\/\/www.nuvf.de\/wordpress\/index.php?rest_route=\/wp\/v2\/posts"}],"about":[{"href":"http:\/\/www.nuvf.de\/wordpress\/index.php?rest_route=\/wp\/v2\/types\/post"}],"author":[{"embeddable":true,"href":"http:\/\/www.nuvf.de\/wordpress\/index.php?rest_route=\/wp\/v2\/users\/4"}],"replies":[{"embeddable":true,"href":"http:\/\/www.nuvf.de\/wordpress\/index.php?rest_route=%2Fwp%2Fv2%2Fcomments&post=9043"}],"version-history":[{"count":2,"href":"http:\/\/www.nuvf.de\/wordpress\/index.php?rest_route=\/wp\/v2\/posts\/9043\/revisions"}],"predecessor-version":[{"id":9046,"href":"http:\/\/www.nuvf.de\/wordpress\/index.php?rest_route=\/wp\/v2\/posts\/9043\/revisions\/9046"}],"wp:attachment":[{"href":"http:\/\/www.nuvf.de\/wordpress\/index.php?rest_route=%2Fwp%2Fv2%2Fmedia&parent=9043"}],"wp:term":[{"taxonomy":"category","embeddable":true,"href":"http:\/\/www.nuvf.de\/wordpress\/index.php?rest_route=%2Fwp%2Fv2%2Fcategories&post=9043"},{"taxonomy":"post_tag","embeddable":true,"href":"http:\/\/www.nuvf.de\/wordpress\/index.php?rest_route=%2Fwp%2Fv2%2Ftags&post=9043"}],"curies":[{"name":"wp","href":"https:\/\/api.w.org\/{rel}","templated":true}]}}